{"id":4379,"date":"2020-06-09T08:21:54","date_gmt":"2020-06-09T06:21:54","guid":{"rendered":"https:\/\/spacva.eu\/?p=4379"},"modified":"2020-06-09T08:21:54","modified_gmt":"2020-06-09T06:21:54","slug":"neue-abmessung-von-eiche-landhausdielen","status":"publish","type":"post","link":"https:\/\/spacva.eu\/de\/blog-de\/neue-abmessung-von-eiche-landhausdielen","title":{"rendered":"Neue Abmessung von Eiche Landhausdielen"},"content":{"rendered":"<p>Nach vielen Anfragen haben wir uns entschlossen, unseren Kunden eine neue Dimension von <strong>Eiche<\/strong> <strong>Landhausdielen<\/strong> zu geben. Es ist sehr wichtig zu wissen, was Kundenw\u00fcnsche sind, sie zu erkennen und in unser Angebot umzusetzen. Die Abmessungen <strong>15 x 160 x 500-2000 mm<\/strong> sind bereits bekannt, aber von jetzt an ist es unser <strong>Standardangebot<\/strong>.<\/p>\n<p>Unsere Kunden wissen bereits, dass unser Angebot st\u00e4ndig w\u00e4chst. Jedes Jahr f\u00fcgen wir neue Oberfl\u00e4chen hinzu und neue Dimensionen. Innenarchitektur war schon immer ein sehr wichtiger Teil unseres Lebens. Es ist wichtig, einen Sapce f\u00fcr sich selbst zu erstellen. Ort zum Entspannen. Es ist auch bekannt, dass nat\u00fcrliche Materialien die beste Option f\u00fcr die Dekoration von H\u00e4usern sind. Viel Arbeit, Stress und Technologie ziehen uns zur\u00fcck in die Natur. Das Einbringen dieser <strong>nat\u00fcrlichen Elemente<\/strong> in den Innenraum war in den letzten Jahren ein <strong>Trend<\/strong>.<\/p>\n<p>Heute haben wir viele verschiedene Optionen auf dem Markt. Es ist wichtig, sich vor der Renovierung \u00fcber alles informieren. Nehmen Sie sich Zeit, um die Angebote zu untersuchen, und zu vergleichen. Der Aufwand wird sich auszahlen und das Ergebnis wird bemerkenswert sein.<\/p>\n","protected":false},"excerpt":{"rendered":"Nach vielen Anfragen haben wir uns entschlossen, unseren Kunden eine neue Dimension von Eiche Landhausdielen zu geben. Es ist sehr wichtig zu wissen, was Kundenw\u00fcnsche sind, sie zu erkennen und in unser Angebot umzusetzen. Die Abmessungen 15 x 160 x 500-2000 mm sind bereits bekannt, aber von jetzt an ist es unser Standardangebot. Unsere Kunden&#8230; <a class=\"view-article\" href=\"https:\/\/spacva.eu\/de\/blog-de\/neue-abmessung-von-eiche-landhausdielen\">Artikel ansehen<\/a>","protected":false},"author":3,"featured_media":4356,"comment_status":"open","ping_status":"open","sticky":false,"template":"","format":"standard","meta":{"_acf_changed":false,"footnotes":""},"categories":[79],"tags":[],"class_list":["post-4379","post","type-post","status-publish","format-standard","has-post-thumbnail","hentry","category-blog-de"],"acf":[],"yoast_head":"<!-- This site is optimized with the Yoast SEO plugin v27.3 - https:\/\/yoast.com\/product\/yoast-seo-wordpress\/ -->\n<title>Neue Abmessung von Eiche Landhausdielen - Spa\u010dva<\/title>\n<meta name=\"robots\" content=\"index, follow, max-snippet:-1, max-image-preview:large, max-video-preview:-1\" \/>\n<link rel=\"canonical\" href=\"https:\/\/spacva.eu\/de\/blog-de\/neue-abmessung-von-eiche-landhausdielen\" \/>\n<meta property=\"og:locale\" content=\"de_DE\" \/>\n<meta property=\"og:type\" content=\"article\" \/>\n<meta property=\"og:title\" content=\"Neue Abmessung von Eiche Landhausdielen - Spa\u010dva\" \/>\n<meta property=\"og:description\" content=\"Nach vielen Anfragen haben wir uns entschlossen, unseren Kunden eine neue Dimension von Eiche Landhausdielen zu geben. Es ist sehr wichtig zu wissen, was Kundenw\u00fcnsche sind, sie zu erkennen und in unser Angebot umzusetzen. Die Abmessungen 15 x 160 x 500-2000 mm sind bereits bekannt, aber von jetzt an ist es unser Standardangebot. Unsere Kunden... Artikel ansehen\" \/>\n<meta property=\"og:url\" content=\"https:\/\/spacva.eu\/de\/blog-de\/neue-abmessung-von-eiche-landhausdielen\" \/>\n<meta property=\"og:site_name\" content=\"Spa\u010dva\" \/>\n<meta property=\"article:publisher\" content=\"https:\/\/web.facebook.com\/Spacva\/\" \/>\n<meta property=\"article:published_time\" content=\"2020-06-09T06:21:54+00:00\" \/>\n<meta property=\"og:image\" content=\"https:\/\/spacva.eu\/wp-content\/uploads\/2020\/05\/15x160web-1.jpg\" \/>\n\t<meta property=\"og:image:width\" content=\"898\" \/>\n\t<meta property=\"og:image:height\" content=\"644\" \/>\n\t<meta property=\"og:image:type\" content=\"image\/jpeg\" \/>\n<meta name=\"author\" content=\"Spa\u010dva\" \/>\n<meta name=\"twitter:card\" content=\"summary_large_image\" \/>\n<meta name=\"twitter:label1\" content=\"Verfasst von\" \/>\n\t<meta name=\"twitter:data1\" content=\"Spa\u010dva\" \/>\n\t<meta name=\"twitter:label2\" content=\"Gesch\u00e4tzte Lesezeit\" \/>\n\t<meta name=\"twitter:data2\" content=\"1\u00a0Minute\" \/>\n<script type=\"application\/ld+json\" class=\"yoast-schema-graph\">{\"@context\":\"https:\\\/\\\/schema.org\",\"@graph\":[{\"@type\":\"Article\",\"@id\":\"https:\\\/\\\/spacva.eu\\\/de\\\/blog-de\\\/neue-abmessung-von-eiche-landhausdielen#article\",\"isPartOf\":{\"@id\":\"https:\\\/\\\/spacva.eu\\\/de\\\/blog-de\\\/neue-abmessung-von-eiche-landhausdielen\"},\"author\":{\"name\":\"Spa\u010dva\",\"@id\":\"https:\\\/\\\/spacva.eu\\\/de#\\\/schema\\\/person\\\/4d5ad54c388324434dfd40a2252930cb\"},\"headline\":\"Neue Abmessung von Eiche Landhausdielen\",\"datePublished\":\"2020-06-09T06:21:54+00:00\",\"mainEntityOfPage\":{\"@id\":\"https:\\\/\\\/spacva.eu\\\/de\\\/blog-de\\\/neue-abmessung-von-eiche-landhausdielen\"},\"wordCount\":193,\"commentCount\":0,\"publisher\":{\"@id\":\"https:\\\/\\\/spacva.eu\\\/de#organization\"},\"image\":{\"@id\":\"https:\\\/\\\/spacva.eu\\\/de\\\/blog-de\\\/neue-abmessung-von-eiche-landhausdielen#primaryimage\"},\"thumbnailUrl\":\"https:\\\/\\\/spacva.eu\\\/wp-content\\\/uploads\\\/2020\\\/05\\\/15x160web-1.jpg\",\"articleSection\":[\"Blog\"],\"inLanguage\":\"de\",\"potentialAction\":[{\"@type\":\"CommentAction\",\"name\":\"Comment\",\"target\":[\"https:\\\/\\\/spacva.eu\\\/de\\\/blog-de\\\/neue-abmessung-von-eiche-landhausdielen#respond\"]}]},{\"@type\":\"WebPage\",\"@id\":\"https:\\\/\\\/spacva.eu\\\/de\\\/blog-de\\\/neue-abmessung-von-eiche-landhausdielen\",\"url\":\"https:\\\/\\\/spacva.eu\\\/de\\\/blog-de\\\/neue-abmessung-von-eiche-landhausdielen\",\"name\":\"Neue Abmessung von Eiche Landhausdielen - Spa\u010dva\",\"isPartOf\":{\"@id\":\"https:\\\/\\\/spacva.eu\\\/de#website\"},\"primaryImageOfPage\":{\"@id\":\"https:\\\/\\\/spacva.eu\\\/de\\\/blog-de\\\/neue-abmessung-von-eiche-landhausdielen#primaryimage\"},\"image\":{\"@id\":\"https:\\\/\\\/spacva.eu\\\/de\\\/blog-de\\\/neue-abmessung-von-eiche-landhausdielen#primaryimage\"},\"thumbnailUrl\":\"https:\\\/\\\/spacva.eu\\\/wp-content\\\/uploads\\\/2020\\\/05\\\/15x160web-1.jpg\",\"datePublished\":\"2020-06-09T06:21:54+00:00\",\"breadcrumb\":{\"@id\":\"https:\\\/\\\/spacva.eu\\\/de\\\/blog-de\\\/neue-abmessung-von-eiche-landhausdielen#breadcrumb\"},\"inLanguage\":\"de\",\"potentialAction\":[{\"@type\":\"ReadAction\",\"target\":[\"https:\\\/\\\/spacva.eu\\\/de\\\/blog-de\\\/neue-abmessung-von-eiche-landhausdielen\"]}]},{\"@type\":\"ImageObject\",\"inLanguage\":\"de\",\"@id\":\"https:\\\/\\\/spacva.eu\\\/de\\\/blog-de\\\/neue-abmessung-von-eiche-landhausdielen#primaryimage\",\"url\":\"https:\\\/\\\/spacva.eu\\\/wp-content\\\/uploads\\\/2020\\\/05\\\/15x160web-1.jpg\",\"contentUrl\":\"https:\\\/\\\/spacva.eu\\\/wp-content\\\/uploads\\\/2020\\\/05\\\/15x160web-1.jpg\",\"width\":898,\"height\":644},{\"@type\":\"BreadcrumbList\",\"@id\":\"https:\\\/\\\/spacva.eu\\\/de\\\/blog-de\\\/neue-abmessung-von-eiche-landhausdielen#breadcrumb\",\"itemListElement\":[{\"@type\":\"ListItem\",\"position\":1,\"name\":\"\",\"item\":\"https:\\\/\\\/spacva.eu\\\/de\"},{\"@type\":\"ListItem\",\"position\":2,\"name\":\"Neue Abmessung von Eiche Landhausdielen\"}]},{\"@type\":\"WebSite\",\"@id\":\"https:\\\/\\\/spacva.eu\\\/de#website\",\"url\":\"https:\\\/\\\/spacva.eu\\\/de\",\"name\":\"Spa\u010dva\",\"description\":\"\",\"publisher\":{\"@id\":\"https:\\\/\\\/spacva.eu\\\/de#organization\"},\"potentialAction\":[{\"@type\":\"SearchAction\",\"target\":{\"@type\":\"EntryPoint\",\"urlTemplate\":\"https:\\\/\\\/spacva.eu\\\/de?s={search_term_string}\"},\"query-input\":{\"@type\":\"PropertyValueSpecification\",\"valueRequired\":true,\"valueName\":\"search_term_string\"}}],\"inLanguage\":\"de\"},{\"@type\":\"Organization\",\"@id\":\"https:\\\/\\\/spacva.eu\\\/de#organization\",\"name\":\"Spa\u010dva d.d.\",\"url\":\"https:\\\/\\\/spacva.eu\\\/de\",\"logo\":{\"@type\":\"ImageObject\",\"inLanguage\":\"de\",\"@id\":\"https:\\\/\\\/spacva.eu\\\/de#\\\/schema\\\/logo\\\/image\\\/\",\"url\":\"https:\\\/\\\/spacva.eu\\\/wp-content\\\/uploads\\\/2018\\\/06\\\/logo.png\",\"contentUrl\":\"https:\\\/\\\/spacva.eu\\\/wp-content\\\/uploads\\\/2018\\\/06\\\/logo.png\",\"width\":100,\"height\":124,\"caption\":\"Spa\u010dva d.d.\"},\"image\":{\"@id\":\"https:\\\/\\\/spacva.eu\\\/de#\\\/schema\\\/logo\\\/image\\\/\"},\"sameAs\":[\"https:\\\/\\\/web.facebook.com\\\/Spacva\\\/\"]},{\"@type\":\"Person\",\"@id\":\"https:\\\/\\\/spacva.eu\\\/de#\\\/schema\\\/person\\\/4d5ad54c388324434dfd40a2252930cb\",\"name\":\"Spa\u010dva\",\"image\":{\"@type\":\"ImageObject\",\"inLanguage\":\"de\",\"@id\":\"https:\\\/\\\/secure.gravatar.com\\\/avatar\\\/57f91233ec2f9433a461e676f727a5a719b6d5dfe104184069165c4106fe638f?s=96&d=mm&r=g\",\"url\":\"https:\\\/\\\/secure.gravatar.com\\\/avatar\\\/57f91233ec2f9433a461e676f727a5a719b6d5dfe104184069165c4106fe638f?s=96&d=mm&r=g\",\"contentUrl\":\"https:\\\/\\\/secure.gravatar.com\\\/avatar\\\/57f91233ec2f9433a461e676f727a5a719b6d5dfe104184069165c4106fe638f?s=96&d=mm&r=g\",\"caption\":\"Spa\u010dva\"}}]}<\/script>\n<!-- \/ Yoast SEO plugin. -->","yoast_head_json":{"title":"Neue Abmessung von Eiche Landhausdielen - Spa\u010dva","robots":{"index":"index","follow":"follow","max-snippet":"max-snippet:-1","max-image-preview":"max-image-preview:large","max-video-preview":"max-video-preview:-1"},"canonical":"https:\/\/spacva.eu\/de\/blog-de\/neue-abmessung-von-eiche-landhausdielen","og_locale":"de_DE","og_type":"article","og_title":"Neue Abmessung von Eiche Landhausdielen - Spa\u010dva","og_description":"Nach vielen Anfragen haben wir uns entschlossen, unseren Kunden eine neue Dimension von Eiche Landhausdielen zu geben. Es ist sehr wichtig zu wissen, was Kundenw\u00fcnsche sind, sie zu erkennen und in unser Angebot umzusetzen. Die Abmessungen 15 x 160 x 500-2000 mm sind bereits bekannt, aber von jetzt an ist es unser Standardangebot. Unsere Kunden... Artikel ansehen","og_url":"https:\/\/spacva.eu\/de\/blog-de\/neue-abmessung-von-eiche-landhausdielen","og_site_name":"Spa\u010dva","article_publisher":"https:\/\/web.facebook.com\/Spacva\/","article_published_time":"2020-06-09T06:21:54+00:00","og_image":[{"width":898,"height":644,"url":"https:\/\/spacva.eu\/wp-content\/uploads\/2020\/05\/15x160web-1.jpg","type":"image\/jpeg"}],"author":"Spa\u010dva","twitter_card":"summary_large_image","twitter_misc":{"Verfasst von":"Spa\u010dva","Gesch\u00e4tzte Lesezeit":"1\u00a0Minute"},"schema":{"@context":"https:\/\/schema.org","@graph":[{"@type":"Article","@id":"https:\/\/spacva.eu\/de\/blog-de\/neue-abmessung-von-eiche-landhausdielen#article","isPartOf":{"@id":"https:\/\/spacva.eu\/de\/blog-de\/neue-abmessung-von-eiche-landhausdielen"},"author":{"name":"Spa\u010dva","@id":"https:\/\/spacva.eu\/de#\/schema\/person\/4d5ad54c388324434dfd40a2252930cb"},"headline":"Neue Abmessung von Eiche Landhausdielen","datePublished":"2020-06-09T06:21:54+00:00","mainEntityOfPage":{"@id":"https:\/\/spacva.eu\/de\/blog-de\/neue-abmessung-von-eiche-landhausdielen"},"wordCount":193,"commentCount":0,"publisher":{"@id":"https:\/\/spacva.eu\/de#organization"},"image":{"@id":"https:\/\/spacva.eu\/de\/blog-de\/neue-abmessung-von-eiche-landhausdielen#primaryimage"},"thumbnailUrl":"https:\/\/spacva.eu\/wp-content\/uploads\/2020\/05\/15x160web-1.jpg","articleSection":["Blog"],"inLanguage":"de","potentialAction":[{"@type":"CommentAction","name":"Comment","target":["https:\/\/spacva.eu\/de\/blog-de\/neue-abmessung-von-eiche-landhausdielen#respond"]}]},{"@type":"WebPage","@id":"https:\/\/spacva.eu\/de\/blog-de\/neue-abmessung-von-eiche-landhausdielen","url":"https:\/\/spacva.eu\/de\/blog-de\/neue-abmessung-von-eiche-landhausdielen","name":"Neue Abmessung von Eiche Landhausdielen - Spa\u010dva","isPartOf":{"@id":"https:\/\/spacva.eu\/de#website"},"primaryImageOfPage":{"@id":"https:\/\/spacva.eu\/de\/blog-de\/neue-abmessung-von-eiche-landhausdielen#primaryimage"},"image":{"@id":"https:\/\/spacva.eu\/de\/blog-de\/neue-abmessung-von-eiche-landhausdielen#primaryimage"},"thumbnailUrl":"https:\/\/spacva.eu\/wp-content\/uploads\/2020\/05\/15x160web-1.jpg","datePublished":"2020-06-09T06:21:54+00:00","breadcrumb":{"@id":"https:\/\/spacva.eu\/de\/blog-de\/neue-abmessung-von-eiche-landhausdielen#breadcrumb"},"inLanguage":"de","potentialAction":[{"@type":"ReadAction","target":["https:\/\/spacva.eu\/de\/blog-de\/neue-abmessung-von-eiche-landhausdielen"]}]},{"@type":"ImageObject","inLanguage":"de","@id":"https:\/\/spacva.eu\/de\/blog-de\/neue-abmessung-von-eiche-landhausdielen#primaryimage","url":"https:\/\/spacva.eu\/wp-content\/uploads\/2020\/05\/15x160web-1.jpg","contentUrl":"https:\/\/spacva.eu\/wp-content\/uploads\/2020\/05\/15x160web-1.jpg","width":898,"height":644},{"@type":"BreadcrumbList","@id":"https:\/\/spacva.eu\/de\/blog-de\/neue-abmessung-von-eiche-landhausdielen#breadcrumb","itemListElement":[{"@type":"ListItem","position":1,"name":"","item":"https:\/\/spacva.eu\/de"},{"@type":"ListItem","position":2,"name":"Neue Abmessung von Eiche Landhausdielen"}]},{"@type":"WebSite","@id":"https:\/\/spacva.eu\/de#website","url":"https:\/\/spacva.eu\/de","name":"Spa\u010dva","description":"","publisher":{"@id":"https:\/\/spacva.eu\/de#organization"},"potentialAction":[{"@type":"SearchAction","target":{"@type":"EntryPoint","urlTemplate":"https:\/\/spacva.eu\/de?s={search_term_string}"},"query-input":{"@type":"PropertyValueSpecification","valueRequired":true,"valueName":"search_term_string"}}],"inLanguage":"de"},{"@type":"Organization","@id":"https:\/\/spacva.eu\/de#organization","name":"Spa\u010dva d.d.","url":"https:\/\/spacva.eu\/de","logo":{"@type":"ImageObject","inLanguage":"de","@id":"https:\/\/spacva.eu\/de#\/schema\/logo\/image\/","url":"https:\/\/spacva.eu\/wp-content\/uploads\/2018\/06\/logo.png","contentUrl":"https:\/\/spacva.eu\/wp-content\/uploads\/2018\/06\/logo.png","width":100,"height":124,"caption":"Spa\u010dva d.d."},"image":{"@id":"https:\/\/spacva.eu\/de#\/schema\/logo\/image\/"},"sameAs":["https:\/\/web.facebook.com\/Spacva\/"]},{"@type":"Person","@id":"https:\/\/spacva.eu\/de#\/schema\/person\/4d5ad54c388324434dfd40a2252930cb","name":"Spa\u010dva","image":{"@type":"ImageObject","inLanguage":"de","@id":"https:\/\/secure.gravatar.com\/avatar\/57f91233ec2f9433a461e676f727a5a719b6d5dfe104184069165c4106fe638f?s=96&d=mm&r=g","url":"https:\/\/secure.gravatar.com\/avatar\/57f91233ec2f9433a461e676f727a5a719b6d5dfe104184069165c4106fe638f?s=96&d=mm&r=g","contentUrl":"https:\/\/secure.gravatar.com\/avatar\/57f91233ec2f9433a461e676f727a5a719b6d5dfe104184069165c4106fe638f?s=96&d=mm&r=g","caption":"Spa\u010dva"}}]}},"_links":{"self":[{"href":"https:\/\/spacva.eu\/de\/wp-json\/wp\/v2\/posts\/4379","targetHints":{"allow":["GET"]}}],"collection":[{"href":"https:\/\/spacva.eu\/de\/wp-json\/wp\/v2\/posts"}],"about":[{"href":"https:\/\/spacva.eu\/de\/wp-json\/wp\/v2\/types\/post"}],"author":[{"embeddable":true,"href":"https:\/\/spacva.eu\/de\/wp-json\/wp\/v2\/users\/3"}],"replies":[{"embeddable":true,"href":"https:\/\/spacva.eu\/de\/wp-json\/wp\/v2\/comments?post=4379"}],"version-history":[{"count":2,"href":"https:\/\/spacva.eu\/de\/wp-json\/wp\/v2\/posts\/4379\/revisions"}],"predecessor-version":[{"id":4381,"href":"https:\/\/spacva.eu\/de\/wp-json\/wp\/v2\/posts\/4379\/revisions\/4381"}],"wp:featuredmedia":[{"embeddable":true,"href":"https:\/\/spacva.eu\/de\/wp-json\/wp\/v2\/media\/4356"}],"wp:attachment":[{"href":"https:\/\/spacva.eu\/de\/wp-json\/wp\/v2\/media?parent=4379"}],"wp:term":[{"taxonomy":"category","embeddable":true,"href":"https:\/\/spacva.eu\/de\/wp-json\/wp\/v2\/categories?post=4379"},{"taxonomy":"post_tag","embeddable":true,"href":"https:\/\/spacva.eu\/de\/wp-json\/wp\/v2\/tags?post=4379"}],"curies":[{"name":"wp","href":"https:\/\/api.w.org\/{rel}","templated":true}]}}